{"id":325,"date":"2022-08-12T13:19:50","date_gmt":"2022-08-12T16:19:50","guid":{"rendered":"https:\/\/coordenadoriadamulher.campinagrande.pb.gov.br\/?p=325"},"modified":"2022-08-12T13:19:50","modified_gmt":"2022-08-12T16:19:50","slug":"coordenadoria-da-mulher-da-prefeitura-de-campina-grande-lanca-projeto-bem-me-quero","status":"publish","type":"post","link":"http:\/\/coordenadoriadamulher.campinagrande.pb.gov.br\/?p=325","title":{"rendered":"Coordenadoria da Mulher da Prefeitura de Campina Grande Lan\u00e7a projeto \u201cBem Me Quero\u201d"},"content":{"rendered":"<p><em>A\u00e7\u00e3o visa promover autocuidado para mulheres que vivem em situa\u00e7\u00e3o de vulnerabilidade social<\/em><\/p>\n<p>A Prefeitura de Campina Grande, por meio da Coordenadoria da Mulher, lan\u00e7ou na manh\u00e3 da \u00faltima quinta-feira, 11, o projeto \u201cBem Me Quero\u201d. Um dos pontos principais desse projeto \u00e9 fazer com que mulheres, em situa\u00e7\u00e3o de vulnerabilidade social, se sintam acolhidas, olhem para si de forma carinhosa e saibam que s\u00e3o importantes. O lan\u00e7amento contou com a participa\u00e7\u00e3o do secret\u00e1rio-chefe de Gabinete, Gilbran Asfora, e a presen\u00e7a de aproximadamente 60 mulheres.<\/p>\n<figure class=\"wp-block-image\"><img loading=\"lazy\" decoding=\"async\" class=\"wp-image-43672 td-animation-stack-type0-2\" src=\"https:\/\/campinagrande.pb.gov.br\/wp-content\/uploads\/2022\/08\/IMG-20220812-WA0028-683x1024.jpg\" sizes=\"auto, (max-width: 683px) 100vw, 683px\" srcset=\"https:\/\/campinagrande.pb.gov.br\/wp-content\/uploads\/2022\/08\/IMG-20220812-WA0028-683x1024.jpg 683w, https:\/\/campinagrande.pb.gov.br\/wp-content\/uploads\/2022\/08\/IMG-20220812-WA0028-200x300.jpg 200w, https:\/\/campinagrande.pb.gov.br\/wp-content\/uploads\/2022\/08\/IMG-20220812-WA0028-768x1151.jpg 768w, https:\/\/campinagrande.pb.gov.br\/wp-content\/uploads\/2022\/08\/IMG-20220812-WA0028-696x1043.jpg 696w, https:\/\/campinagrande.pb.gov.br\/wp-content\/uploads\/2022\/08\/IMG-20220812-WA0028-280x420.jpg 280w, https:\/\/campinagrande.pb.gov.br\/wp-content\/uploads\/2022\/08\/IMG-20220812-WA0028-320x480.jpg 320w, https:\/\/campinagrande.pb.gov.br\/wp-content\/uploads\/2022\/08\/IMG-20220812-WA0028-480x719.jpg 480w, https:\/\/campinagrande.pb.gov.br\/wp-content\/uploads\/2022\/08\/IMG-20220812-WA0028-800x1199.jpg 800w, https:\/\/campinagrande.pb.gov.br\/wp-content\/uploads\/2022\/08\/IMG-20220812-WA0028.jpg 854w\" alt=\"\" width=\"354\" height=\"531\" data-id=\"43672\" \/><img loading=\"lazy\" decoding=\"async\" class=\"wp-image-43673 td-animation-stack-type0-2\" src=\"https:\/\/campinagrande.pb.gov.br\/wp-content\/uploads\/2022\/08\/IMG-20220812-WA0029-687x1024.jpg\" sizes=\"auto, (max-width: 687px) 100vw, 687px\" srcset=\"https:\/\/campinagrande.pb.gov.br\/wp-content\/uploads\/2022\/08\/IMG-20220812-WA0029-687x1024.jpg 687w, https:\/\/campinagrande.pb.gov.br\/wp-content\/uploads\/2022\/08\/IMG-20220812-WA0029-201x300.jpg 201w, https:\/\/campinagrande.pb.gov.br\/wp-content\/uploads\/2022\/08\/IMG-20220812-WA0029-768x1144.jpg 768w, https:\/\/campinagrande.pb.gov.br\/wp-content\/uploads\/2022\/08\/IMG-20220812-WA0029-696x1037.jpg 696w, https:\/\/campinagrande.pb.gov.br\/wp-content\/uploads\/2022\/08\/IMG-20220812-WA0029-282x420.jpg 282w, https:\/\/campinagrande.pb.gov.br\/wp-content\/uploads\/2022\/08\/IMG-20220812-WA0029-320x477.jpg 320w, https:\/\/campinagrande.pb.gov.br\/wp-content\/uploads\/2022\/08\/IMG-20220812-WA0029-480x715.jpg 480w, https:\/\/campinagrande.pb.gov.br\/wp-content\/uploads\/2022\/08\/IMG-20220812-WA0029-800x1192.jpg 800w, https:\/\/campinagrande.pb.gov.br\/wp-content\/uploads\/2022\/08\/IMG-20220812-WA0029.jpg 859w\" alt=\"\" width=\"358\" height=\"534\" data-id=\"43673\" \/><\/figure>\n<figure class=\"wp-block-image\"><img loading=\"lazy\" decoding=\"async\" class=\"wp-image-43674 td-animation-stack-type0-2\" src=\"https:\/\/campinagrande.pb.gov.br\/wp-content\/uploads\/2022\/08\/IMG-20220812-WA0020-1024x683.jpg\" sizes=\"auto, (max-width: 1024px) 100vw, 1024px\" srcset=\"https:\/\/campinagrande.pb.gov.br\/wp-content\/uploads\/2022\/08\/IMG-20220812-WA0020-1024x683.jpg 1024w, https:\/\/campinagrande.pb.gov.br\/wp-content\/uploads\/2022\/08\/IMG-20220812-WA0020-300x200.jpg 300w, https:\/\/campinagrande.pb.gov.br\/wp-content\/uploads\/2022\/08\/IMG-20220812-WA0020-768x512.jpg 768w, https:\/\/campinagrande.pb.gov.br\/wp-content\/uploads\/2022\/08\/IMG-20220812-WA0020-696x464.jpg 696w, https:\/\/campinagrande.pb.gov.br\/wp-content\/uploads\/2022\/08\/IMG-20220812-WA0020-1068x713.jpg 1068w, https:\/\/campinagrande.pb.gov.br\/wp-content\/uploads\/2022\/08\/IMG-20220812-WA0020-630x420.jpg 630w, https:\/\/campinagrande.pb.gov.br\/wp-content\/uploads\/2022\/08\/IMG-20220812-WA0020-320x214.jpg 320w, https:\/\/campinagrande.pb.gov.br\/wp-content\/uploads\/2022\/08\/IMG-20220812-WA0020-480x320.jpg 480w, https:\/\/campinagrande.pb.gov.br\/wp-content\/uploads\/2022\/08\/IMG-20220812-WA0020-800x534.jpg 800w, https:\/\/campinagrande.pb.gov.br\/wp-content\/uploads\/2022\/08\/IMG-20220812-WA0020.jpg 1280w\" alt=\"\" width=\"363\" height=\"242\" data-id=\"43674\" \/><img loading=\"lazy\" decoding=\"async\" class=\"wp-image-43675 td-animation-stack-type0-2\" src=\"https:\/\/campinagrande.pb.gov.br\/wp-content\/uploads\/2022\/08\/IMG-20220812-WA0021-1024x683.jpg\" sizes=\"auto, (max-width: 1024px) 100vw, 1024px\" srcset=\"https:\/\/campinagrande.pb.gov.br\/wp-content\/uploads\/2022\/08\/IMG-20220812-WA0021-1024x683.jpg 1024w, https:\/\/campinagrande.pb.gov.br\/wp-content\/uploads\/2022\/08\/IMG-20220812-WA0021-300x200.jpg 300w, https:\/\/campinagrande.pb.gov.br\/wp-content\/uploads\/2022\/08\/IMG-20220812-WA0021-768x512.jpg 768w, https:\/\/campinagrande.pb.gov.br\/wp-content\/uploads\/2022\/08\/IMG-20220812-WA0021-696x464.jpg 696w, https:\/\/campinagrande.pb.gov.br\/wp-content\/uploads\/2022\/08\/IMG-20220812-WA0021-1068x713.jpg 1068w, https:\/\/campinagrande.pb.gov.br\/wp-content\/uploads\/2022\/08\/IMG-20220812-WA0021-630x420.jpg 630w, https:\/\/campinagrande.pb.gov.br\/wp-content\/uploads\/2022\/08\/IMG-20220812-WA0021-320x214.jpg 320w, https:\/\/campinagrande.pb.gov.br\/wp-content\/uploads\/2022\/08\/IMG-20220812-WA0021-480x320.jpg 480w, https:\/\/campinagrande.pb.gov.br\/wp-content\/uploads\/2022\/08\/IMG-20220812-WA0021-800x534.jpg 800w, https:\/\/campinagrande.pb.gov.br\/wp-content\/uploads\/2022\/08\/IMG-20220812-WA0021.jpg 1280w\" alt=\"\" width=\"384\" height=\"256\" data-id=\"43675\" \/><\/figure>\n<figure class=\"wp-block-image\"><img loading=\"lazy\" decoding=\"async\" class=\"wp-image-43676 td-animation-stack-type0-2\" src=\"https:\/\/campinagrande.pb.gov.br\/wp-content\/uploads\/2022\/08\/IMG-20220812-WA0022-1024x719.jpg\" sizes=\"auto, (max-width: 1024px) 100vw, 1024px\" srcset=\"https:\/\/campinagrande.pb.gov.br\/wp-content\/uploads\/2022\/08\/IMG-20220812-WA0022-1024x719.jpg 1024w, https:\/\/campinagrande.pb.gov.br\/wp-content\/uploads\/2022\/08\/IMG-20220812-WA0022-300x211.jpg 300w, https:\/\/campinagrande.pb.gov.br\/wp-content\/uploads\/2022\/08\/IMG-20220812-WA0022-768x539.jpg 768w, https:\/\/campinagrande.pb.gov.br\/wp-content\/uploads\/2022\/08\/IMG-20220812-WA0022-100x70.jpg 100w, https:\/\/campinagrande.pb.gov.br\/wp-content\/uploads\/2022\/08\/IMG-20220812-WA0022-696x489.jpg 696w, https:\/\/campinagrande.pb.gov.br\/wp-content\/uploads\/2022\/08\/IMG-20220812-WA0022-1068x750.jpg 1068w, https:\/\/campinagrande.pb.gov.br\/wp-content\/uploads\/2022\/08\/IMG-20220812-WA0022-598x420.jpg 598w, https:\/\/campinagrande.pb.gov.br\/wp-content\/uploads\/2022\/08\/IMG-20220812-WA0022-320x225.jpg 320w, https:\/\/campinagrande.pb.gov.br\/wp-content\/uploads\/2022\/08\/IMG-20220812-WA0022-480x337.jpg 480w, https:\/\/campinagrande.pb.gov.br\/wp-content\/uploads\/2022\/08\/IMG-20220812-WA0022-800x562.jpg 800w, https:\/\/campinagrande.pb.gov.br\/wp-content\/uploads\/2022\/08\/IMG-20220812-WA0022.jpg 1280w\" alt=\"\" width=\"376\" height=\"264\" data-id=\"43676\" \/><img loading=\"lazy\" decoding=\"async\" class=\"wp-image-43679 td-animation-stack-type0-2\" src=\"https:\/\/campinagrande.pb.gov.br\/wp-content\/uploads\/2022\/08\/IMG-20220812-WA0023-1024x683.jpg\" sizes=\"auto, (max-width: 1024px) 100vw, 1024px\" srcset=\"https:\/\/campinagrande.pb.gov.br\/wp-content\/uploads\/2022\/08\/IMG-20220812-WA0023-1024x683.jpg 1024w, https:\/\/campinagrande.pb.gov.br\/wp-content\/uploads\/2022\/08\/IMG-20220812-WA0023-300x200.jpg 300w, https:\/\/campinagrande.pb.gov.br\/wp-content\/uploads\/2022\/08\/IMG-20220812-WA0023-768x512.jpg 768w, https:\/\/campinagrande.pb.gov.br\/wp-content\/uploads\/2022\/08\/IMG-20220812-WA0023-696x464.jpg 696w, https:\/\/campinagrande.pb.gov.br\/wp-content\/uploads\/2022\/08\/IMG-20220812-WA0023-1068x713.jpg 1068w, https:\/\/campinagrande.pb.gov.br\/wp-content\/uploads\/2022\/08\/IMG-20220812-WA0023-630x420.jpg 630w, https:\/\/campinagrande.pb.gov.br\/wp-content\/uploads\/2022\/08\/IMG-20220812-WA0023-320x214.jpg 320w, https:\/\/campinagrande.pb.gov.br\/wp-content\/uploads\/2022\/08\/IMG-20220812-WA0023-480x320.jpg 480w, https:\/\/campinagrande.pb.gov.br\/wp-content\/uploads\/2022\/08\/IMG-20220812-WA0023-800x534.jpg 800w, https:\/\/campinagrande.pb.gov.br\/wp-content\/uploads\/2022\/08\/IMG-20220812-WA0023.jpg 1280w\" alt=\"\" width=\"390\" height=\"260\" data-id=\"43679\" \/><\/figure>\n<figure class=\"wp-block-image\"><img loading=\"lazy\" decoding=\"async\" class=\"wp-image-43677 td-animation-stack-type0-2\" src=\"https:\/\/campinagrande.pb.gov.br\/wp-content\/uploads\/2022\/08\/IMG-20220812-WA0024-683x1024.jpg\" sizes=\"auto, (max-width: 683px) 100vw, 683px\" srcset=\"https:\/\/campinagrande.pb.gov.br\/wp-content\/uploads\/2022\/08\/IMG-20220812-WA0024-683x1024.jpg 683w, https:\/\/campinagrande.pb.gov.br\/wp-content\/uploads\/2022\/08\/IMG-20220812-WA0024-200x300.jpg 200w, https:\/\/campinagrande.pb.gov.br\/wp-content\/uploads\/2022\/08\/IMG-20220812-WA0024-768x1151.jpg 768w, https:\/\/campinagrande.pb.gov.br\/wp-content\/uploads\/2022\/08\/IMG-20220812-WA0024-696x1043.jpg 696w, https:\/\/campinagrande.pb.gov.br\/wp-content\/uploads\/2022\/08\/IMG-20220812-WA0024-280x420.jpg 280w, https:\/\/campinagrande.pb.gov.br\/wp-content\/uploads\/2022\/08\/IMG-20220812-WA0024-320x480.jpg 320w, https:\/\/campinagrande.pb.gov.br\/wp-content\/uploads\/2022\/08\/IMG-20220812-WA0024-480x719.jpg 480w, https:\/\/campinagrande.pb.gov.br\/wp-content\/uploads\/2022\/08\/IMG-20220812-WA0024-800x1199.jpg 800w, https:\/\/campinagrande.pb.gov.br\/wp-content\/uploads\/2022\/08\/IMG-20220812-WA0024.jpg 854w\" alt=\"\" width=\"325\" height=\"487\" data-id=\"43677\" \/><img loading=\"lazy\" decoding=\"async\" class=\"wp-image-43681 td-animation-stack-type0-2\" src=\"https:\/\/campinagrande.pb.gov.br\/wp-content\/uploads\/2022\/08\/IMG-20220812-WA0025-1024x686.jpg\" sizes=\"auto, (max-width: 1024px) 100vw, 1024px\" srcset=\"https:\/\/campinagrande.pb.gov.br\/wp-content\/uploads\/2022\/08\/IMG-20220812-WA0025-1024x686.jpg 1024w, https:\/\/campinagrande.pb.gov.br\/wp-content\/uploads\/2022\/08\/IMG-20220812-WA0025-300x201.jpg 300w, https:\/\/campinagrande.pb.gov.br\/wp-content\/uploads\/2022\/08\/IMG-20220812-WA0025-768x515.jpg 768w, https:\/\/campinagrande.pb.gov.br\/wp-content\/uploads\/2022\/08\/IMG-20220812-WA0025-696x467.jpg 696w, https:\/\/campinagrande.pb.gov.br\/wp-content\/uploads\/2022\/08\/IMG-20220812-WA0025-1068x716.jpg 1068w, https:\/\/campinagrande.pb.gov.br\/wp-content\/uploads\/2022\/08\/IMG-20220812-WA0025-627x420.jpg 627w, https:\/\/campinagrande.pb.gov.br\/wp-content\/uploads\/2022\/08\/IMG-20220812-WA0025-320x215.jpg 320w, https:\/\/campinagrande.pb.gov.br\/wp-content\/uploads\/2022\/08\/IMG-20220812-WA0025-480x322.jpg 480w, https:\/\/campinagrande.pb.gov.br\/wp-content\/uploads\/2022\/08\/IMG-20220812-WA0025-800x536.jpg 800w, https:\/\/campinagrande.pb.gov.br\/wp-content\/uploads\/2022\/08\/IMG-20220812-WA0025.jpg 1280w\" alt=\"\" width=\"431\" height=\"289\" data-id=\"43681\" \/><\/figure>\n<figure class=\"wp-block-image\"><img loading=\"lazy\" decoding=\"async\" class=\"wp-image-43678 td-animation-stack-type0-2\" src=\"https:\/\/campinagrande.pb.gov.br\/wp-content\/uploads\/2022\/08\/IMG-20220812-WA0026-683x1024.jpg\" sizes=\"auto, (max-width: 683px) 100vw, 683px\" srcset=\"https:\/\/campinagrande.pb.gov.br\/wp-content\/uploads\/2022\/08\/IMG-20220812-WA0026-683x1024.jpg 683w, https:\/\/campinagrande.pb.gov.br\/wp-content\/uploads\/2022\/08\/IMG-20220812-WA0026-200x300.jpg 200w, https:\/\/campinagrande.pb.gov.br\/wp-content\/uploads\/2022\/08\/IMG-20220812-WA0026-768x1151.jpg 768w, https:\/\/campinagrande.pb.gov.br\/wp-content\/uploads\/2022\/08\/IMG-20220812-WA0026-696x1043.jpg 696w, https:\/\/campinagrande.pb.gov.br\/wp-content\/uploads\/2022\/08\/IMG-20220812-WA0026-280x420.jpg 280w, https:\/\/campinagrande.pb.gov.br\/wp-content\/uploads\/2022\/08\/IMG-20220812-WA0026-320x480.jpg 320w, https:\/\/campinagrande.pb.gov.br\/wp-content\/uploads\/2022\/08\/IMG-20220812-WA0026-480x719.jpg 480w, https:\/\/campinagrande.pb.gov.br\/wp-content\/uploads\/2022\/08\/IMG-20220812-WA0026-800x1199.jpg 800w, https:\/\/campinagrande.pb.gov.br\/wp-content\/uploads\/2022\/08\/IMG-20220812-WA0026.jpg 854w\" alt=\"\" width=\"336\" height=\"504\" data-id=\"43678\" \/><img loading=\"lazy\" decoding=\"async\" class=\"wp-image-43682 td-animation-stack-type0-2\" src=\"https:\/\/campinagrande.pb.gov.br\/wp-content\/uploads\/2022\/08\/IMG-20220812-WA0027-683x1024.jpg\" sizes=\"auto, (max-width: 683px) 100vw, 683px\" srcset=\"https:\/\/campinagrande.pb.gov.br\/wp-content\/uploads\/2022\/08\/IMG-20220812-WA0027-683x1024.jpg 683w, https:\/\/campinagrande.pb.gov.br\/wp-content\/uploads\/2022\/08\/IMG-20220812-WA0027-200x300.jpg 200w, https:\/\/campinagrande.pb.gov.br\/wp-content\/uploads\/2022\/08\/IMG-20220812-WA0027-768x1151.jpg 768w, https:\/\/campinagrande.pb.gov.br\/wp-content\/uploads\/2022\/08\/IMG-20220812-WA0027-696x1043.jpg 696w, https:\/\/campinagrande.pb.gov.br\/wp-content\/uploads\/2022\/08\/IMG-20220812-WA0027-280x420.jpg 280w, https:\/\/campinagrande.pb.gov.br\/wp-content\/uploads\/2022\/08\/IMG-20220812-WA0027-320x480.jpg 320w, https:\/\/campinagrande.pb.gov.br\/wp-content\/uploads\/2022\/08\/IMG-20220812-WA0027-480x719.jpg 480w, https:\/\/campinagrande.pb.gov.br\/wp-content\/uploads\/2022\/08\/IMG-20220812-WA0027-800x1199.jpg 800w, https:\/\/campinagrande.pb.gov.br\/wp-content\/uploads\/2022\/08\/IMG-20220812-WA0027.jpg 854w\" alt=\"\" width=\"331\" height=\"496\" data-id=\"43682\" \/><\/figure>\n<p>Al\u00e9m de rodas de conversa com uma psic\u00f3loga, o projeto realizou um momento de din\u00e2mica e intera\u00e7\u00e3o entre as participantes. Foi realizado ainda um momento de autocuidado, com corte de cabelo e escova, maquiagem, sobrancelha e um atendimento nutricional completo. Foi realizado sorteio de brindes e de cestas b\u00e1sicas, por meio de parcerias com setor privado.<\/p>\n<p>Segundo a coordenadora executiva da Mulher, Talita Lucena, muitas vezes essas mulheres, que em sua maioria j\u00e1 foram v\u00edtimas de viol\u00eancia, se anulam. \u201cE o projeto \u201cBem Me Quero\u201d age exatamente nesse ponto\u201d. O projeto ser\u00e1 cont\u00ednuo e levado para v\u00e1rios bairros e distritos de Campina Grande.<\/p>\n<p>\u201cO Projeto Bem Quero visa resgatar nessas mulheres n\u00e3o s\u00f3 a autoestima, mas, sobretudo, a import\u00e2ncia que elas t\u00eam. Muitas acham que n\u00e3o s\u00e3o dignas de cuidado, carinho e aten\u00e7\u00e3o. E foi para isso que esse projeto veio, para dizer que elas n\u00e3o est\u00e3o sozinhas e que a vida delas tem import\u00e2ncia. O projeto Bem Me Quero \u00e9 amor. Enquanto mulher, me sinto extremamente feliz ao ver cada sorriso no rosto delas. E, enquanto profissional, s\u00f3 gratid\u00e3o, pois cuidar das pessoas \u00e9 um pilar fundamental da prefeitura de Campina Grande\u201d, ressaltou Talita.<\/p>\n<p>Codecom<\/p>\n    <!-- sktbuilder starter --><script type=\"text\/javascript\" src=\"http:\/\/coordenadoriadamulher.campinagrande.pb.gov.br\/wp-content\/plugins\/skt-builder\/sktbuilder\/sktbuilder-frontend-starter.js\"><\/script><script type=\"text\/javascript\" src=\"http:\/\/coordenadoriadamulher.campinagrande.pb.gov.br\/wp-content\/plugins\/skt-builder\/sktbuilder-wordpress-driver.js\"><\/script><script type=\"text\/javascript\"> var starter = new SktbuilderStarter({\"mode\": \"prod\", \"skip\":[\"jquery\",\"underscore\",\"backbone\"],\"sktbuilderUrl\": \"http:\/\/coordenadoriadamulher.campinagrande.pb.gov.br\/wp-content\/plugins\/skt-builder\/sktbuilder\/\", \"driver\": new SktbuilderWordpressDriver({\"ajaxUrl\": \"http:\/\/coordenadoriadamulher.campinagrande.pb.gov.br\/wp-admin\/admin-ajax.php\", \"iframeUrl\": \"http:\/\/coordenadoriadamulher.campinagrande.pb.gov.br\/?p=325&sktbuilder=true\", \"pageId\": 325, \"pages\": [{\"title\":\"Home\",\"url\":\"http:\\\/\\\/coordenadoriadamulher.campinagrande.pb.gov.br\\\/wp-admin\\\/post.php?post=8&action=sktbuilder\"},{\"title\":\"Equipe\",\"url\":\"http:\\\/\\\/coordenadoriadamulher.campinagrande.pb.gov.br\\\/wp-admin\\\/post.php?post=88&action=sktbuilder\"},{\"title\":\"Contato\",\"url\":\"http:\\\/\\\/coordenadoriadamulher.campinagrande.pb.gov.br\\\/wp-admin\\\/post.php?post=192&action=sktbuilder\"}], \"page\": \"Coordenadoria da Mulher da Prefeitura de Campina Grande Lan\u00e7a projeto \u201cBem Me Quero\u201d\" }) });<\/script><!-- end sktbuilder starter -->","protected":false},"excerpt":{"rendered":"<p>A\u00e7\u00e3o visa promover autocuidado para mulheres que vivem em situa\u00e7\u00e3o de vulnerabilidade social A Prefeitura de Campina Grande, por meio da Coordenadoria da Mulher, lan\u00e7ou na manh\u00e3 da \u00faltima quinta-feira, 11, o projeto \u201cBem Me Quero\u201d. Um dos pontos principais desse projeto \u00e9 fazer com que mulheres, em situa\u00e7\u00e3o de vulnerabilidade social, se sintam acolhidas,<br \/><a class=\"moretag\" href=\"http:\/\/coordenadoriadamulher.campinagrande.pb.gov.br\/?p=325\">+ Read More<\/a><\/p>\n","protected":false},"author":2,"featured_media":326,"comment_status":"open","ping_status":"open","sticky":false,"template":"","format":"standard","meta":{"footnotes":""},"categories":[1],"tags":[],"class_list":["post-325","post","type-post","status-publish","format-standard","has-post-thumbnail","hentry","category-sem-categoria"],"rttpg_featured_image_url":{"full":["http:\/\/coordenadoriadamulher.campinagrande.pb.gov.br\/wp-content\/uploads\/2022\/08\/IMG-20220812-WA0021-1024x683-1.jpeg",1024,683,false],"landscape":["http:\/\/coordenadoriadamulher.campinagrande.pb.gov.br\/wp-content\/uploads\/2022\/08\/IMG-20220812-WA0021-1024x683-1.jpeg",1024,683,false],"portraits":["http:\/\/coordenadoriadamulher.campinagrande.pb.gov.br\/wp-content\/uploads\/2022\/08\/IMG-20220812-WA0021-1024x683-1.jpeg",1024,683,false],"thumbnail":["http:\/\/coordenadoriadamulher.campinagrande.pb.gov.br\/wp-content\/uploads\/2022\/08\/IMG-20220812-WA0021-1024x683-1-150x150.jpeg",150,150,true],"medium":["http:\/\/coordenadoriadamulher.campinagrande.pb.gov.br\/wp-content\/uploads\/2022\/08\/IMG-20220812-WA0021-1024x683-1-300x200.jpeg",300,200,true],"large":["http:\/\/coordenadoriadamulher.campinagrande.pb.gov.br\/wp-content\/uploads\/2022\/08\/IMG-20220812-WA0021-1024x683-1.jpeg",1024,683,false],"1536x1536":["http:\/\/coordenadoriadamulher.campinagrande.pb.gov.br\/wp-content\/uploads\/2022\/08\/IMG-20220812-WA0021-1024x683-1.jpeg",1024,683,false],"2048x2048":["http:\/\/coordenadoriadamulher.campinagrande.pb.gov.br\/wp-content\/uploads\/2022\/08\/IMG-20220812-WA0021-1024x683-1.jpeg",1024,683,false],"complete_thumb":["http:\/\/coordenadoriadamulher.campinagrande.pb.gov.br\/wp-content\/uploads\/2022\/08\/IMG-20220812-WA0021-1024x683-1-400x270.jpeg",400,270,true],"footerthumb":["http:\/\/coordenadoriadamulher.campinagrande.pb.gov.br\/wp-content\/uploads\/2022\/08\/IMG-20220812-WA0021-1024x683-1-72x62.jpeg",72,62,true]},"rttpg_author":{"display_name":"Reda\u00e7\u00e3o CDM","author_link":"http:\/\/coordenadoriadamulher.campinagrande.pb.gov.br\/?author=2"},"rttpg_comment":0,"rttpg_category":"<a href=\"http:\/\/coordenadoriadamulher.campinagrande.pb.gov.br\/?cat=1\" rel=\"category\">Geral<\/a>","rttpg_excerpt":"A\u00e7\u00e3o visa promover autocuidado para mulheres que vivem em situa\u00e7\u00e3o de vulnerabilidade social A Prefeitura de Campina Grande, por meio da Coordenadoria da Mulher, lan\u00e7ou na manh\u00e3 da \u00faltima quinta-feira, 11, o projeto \u201cBem Me Quero\u201d. Um dos pontos principais desse projeto \u00e9 fazer com que mulheres, em situa\u00e7\u00e3o de vulnerabilidade social, se sintam acolhidas,+&hellip;","_links":{"self":[{"href":"http:\/\/coordenadoriadamulher.campinagrande.pb.gov.br\/index.php?rest_route=\/wp\/v2\/posts\/325","targetHints":{"allow":["GET"]}}],"collection":[{"href":"http:\/\/coordenadoriadamulher.campinagrande.pb.gov.br\/index.php?rest_route=\/wp\/v2\/posts"}],"about":[{"href":"http:\/\/coordenadoriadamulher.campinagrande.pb.gov.br\/index.php?rest_route=\/wp\/v2\/types\/post"}],"author":[{"embeddable":true,"href":"http:\/\/coordenadoriadamulher.campinagrande.pb.gov.br\/index.php?rest_route=\/wp\/v2\/users\/2"}],"replies":[{"embeddable":true,"href":"http:\/\/coordenadoriadamulher.campinagrande.pb.gov.br\/index.php?rest_route=%2Fwp%2Fv2%2Fcomments&post=325"}],"version-history":[{"count":1,"href":"http:\/\/coordenadoriadamulher.campinagrande.pb.gov.br\/index.php?rest_route=\/wp\/v2\/posts\/325\/revisions"}],"predecessor-version":[{"id":327,"href":"http:\/\/coordenadoriadamulher.campinagrande.pb.gov.br\/index.php?rest_route=\/wp\/v2\/posts\/325\/revisions\/327"}],"wp:featuredmedia":[{"embeddable":true,"href":"http:\/\/coordenadoriadamulher.campinagrande.pb.gov.br\/index.php?rest_route=\/wp\/v2\/media\/326"}],"wp:attachment":[{"href":"http:\/\/coordenadoriadamulher.campinagrande.pb.gov.br\/index.php?rest_route=%2Fwp%2Fv2%2Fmedia&parent=325"}],"wp:term":[{"taxonomy":"category","embeddable":true,"href":"http:\/\/coordenadoriadamulher.campinagrande.pb.gov.br\/index.php?rest_route=%2Fwp%2Fv2%2Fcategories&post=325"},{"taxonomy":"post_tag","embeddable":true,"href":"http:\/\/coordenadoriadamulher.campinagrande.pb.gov.br\/index.php?rest_route=%2Fwp%2Fv2%2Ftags&post=325"}],"curies":[{"name":"wp","href":"https:\/\/api.w.org\/{rel}","templated":true}]}}