{"id":300,"date":"2022-08-02T11:56:39","date_gmt":"2022-08-02T14:56:39","guid":{"rendered":"https:\/\/coordenadoriadamulher.campinagrande.pb.gov.br\/?p=300"},"modified":"2022-08-02T12:10:41","modified_gmt":"2022-08-02T15:10:41","slug":"300","status":"publish","type":"post","link":"http:\/\/coordenadoriadamulher.campinagrande.pb.gov.br\/?p=300","title":{"rendered":"Prefeitura de Campina Grande promove a\u00e7\u00f5es comemorativas ao Agosto Lil\u00e1s e Coordenadoria da Mulher estar\u00e1 \u00e0 frente das atividade"},"content":{"rendered":"<div class=\"td-post-header\">\n<header class=\"td-post-title\">\n<div class=\"td-module-meta-info\"><\/div>\n<\/header>\n<\/div>\n<div class=\"td-post-content\">\n<p><em>Campanha de Conscientiza\u00e7\u00e3o destaca atividades que ser\u00e3o oferecidas durante todo este m\u00eas<\/em><\/p>\n<p>A Prefeitura de Campina Grande, por meio da Coordenadoria da Mulher, realizar\u00e1 neste m\u00eas uma s\u00e9rie de a\u00e7\u00f5es comemorativas ao Agosto Lil\u00e1s. A primeira a\u00e7\u00e3o acontecer\u00e1 nesta quarta-feira, 03, por meio da Coordenadoria Itinerante que estar\u00e1 na Pra\u00e7a da Bandeira, das 8h \u00e0s 17h, levando informa\u00e7\u00f5es e servi\u00e7os \u00e0 popula\u00e7\u00e3o. Na ter\u00e7a-feira da pr\u00f3xima semana, 09, a Coordenadoria Itinerante estar\u00e1 no distrito de Galante.<\/p>\n<figure class=\"wp-block-image size-large\"><img loading=\"lazy\" decoding=\"async\" class=\"wp-image-43227 td-animation-stack-type0-2\" src=\"https:\/\/campinagrande.pb.gov.br\/wp-content\/uploads\/2022\/08\/IMG-20220802-WA0021-1024x1024.jpg\" sizes=\"auto, (max-width: 1024px) 100vw, 1024px\" srcset=\"https:\/\/campinagrande.pb.gov.br\/wp-content\/uploads\/2022\/08\/IMG-20220802-WA0021-1024x1024.jpg 1024w, https:\/\/campinagrande.pb.gov.br\/wp-content\/uploads\/2022\/08\/IMG-20220802-WA0021-300x300.jpg 300w, https:\/\/campinagrande.pb.gov.br\/wp-content\/uploads\/2022\/08\/IMG-20220802-WA0021-150x150.jpg 150w, https:\/\/campinagrande.pb.gov.br\/wp-content\/uploads\/2022\/08\/IMG-20220802-WA0021-768x768.jpg 768w, https:\/\/campinagrande.pb.gov.br\/wp-content\/uploads\/2022\/08\/IMG-20220802-WA0021-696x696.jpg 696w, https:\/\/campinagrande.pb.gov.br\/wp-content\/uploads\/2022\/08\/IMG-20220802-WA0021-1068x1068.jpg 1068w, https:\/\/campinagrande.pb.gov.br\/wp-content\/uploads\/2022\/08\/IMG-20220802-WA0021-420x420.jpg 420w, https:\/\/campinagrande.pb.gov.br\/wp-content\/uploads\/2022\/08\/IMG-20220802-WA0021-320x320.jpg 320w, https:\/\/campinagrande.pb.gov.br\/wp-content\/uploads\/2022\/08\/IMG-20220802-WA0021-480x480.jpg 480w, https:\/\/campinagrande.pb.gov.br\/wp-content\/uploads\/2022\/08\/IMG-20220802-WA0021-800x800.jpg 800w, https:\/\/campinagrande.pb.gov.br\/wp-content\/uploads\/2022\/08\/IMG-20220802-WA0021.jpg 1080w\" alt=\"\" width=\"1024\" height=\"1024\" \/><\/figure>\n<p>No dia 11 de agosto ser\u00e3o realizadas a\u00e7\u00f5es em parceria com o Instituto Embeleze. Ser\u00e1 \u00e0s 9h, na sede do Instituto, e as mulheres participantes receber\u00e3o servi\u00e7os de beleza (cabelo, maquiagem e sobrancelha). E pensando em autoprote\u00e7\u00e3o feminina ser\u00e1 promovido no dia 13, \u00e0s 9h no Parque da Crian\u00e7a, o curso de Defesa Pessoal.<\/p>\n<p>No dia 18 de agosto ser\u00e1 lan\u00e7ada a Cartilha de Enfrentamento \u00e0 Viol\u00eancia contra a Mulher e no dia 23 os servi\u00e7os da Coordenadoria Itinerante ser\u00e3o levados para S\u00e3o Jos\u00e9 da Mata.<\/p>\n<p>\u201cEstamos iniciando o Agosto Lil\u00e1s com uma s\u00e9rie de a\u00e7\u00f5es e projetos voltados ao combate e conscientiza\u00e7\u00e3o acerca da viol\u00eancia contra a mulher. Esse tema precisa ser debatido diariamente, j\u00e1 que, infelizmente, n\u00e3o deixa de ser atual\u201d, afirma Talita Lucena, Coordenadora Executiva da Mulher.<\/p>\n<p><strong>Campanha<\/strong><\/p>\n<p>A Campanha Nacional foi iniciada por causa do anivers\u00e1rio da lei Maria da Penha, que \u00e9 comemorado no dia 07 de agosto. A lei existe h\u00e1 16 anos e se tornou refer\u00eancia para outros pa\u00edses que tamb\u00e9m combatem a viol\u00eancia dom\u00e9stica. A cor lil\u00e1s faz rela\u00e7\u00e3o aos hematomas, que marcam o corpo das mulheres v\u00edtimas de viol\u00eancias.<\/p>\n<p>O \u00edndice de viol\u00eancia contra a mulher \u00e9 alto e, por isso, h\u00e1 necessidade de pol\u00edticas e atividades que combatam esse crime, de forma n\u00e3o s\u00f3 punitiva aos agressores, mas tamb\u00e9m dando base para que as mulheres fiquem menos suscet\u00edveis a isso.<\/p>\n<p>Segundo Talita Lucena, a participa\u00e7\u00e3o da sociedade \u00e9 importante para que haja discuss\u00e3o da pauta e a amplia\u00e7\u00e3o da comunica\u00e7\u00e3o, garantindo que toda mulher esteja ciente de que ela n\u00e3o est\u00e1 sozinha, mas de que h\u00e1 leis e a\u00e7\u00f5es que as protegem, validam e acolhem seus direitos.<\/p>\n<p>Para ter acesso ao calend\u00e1rio das atividades do Agosto Lil\u00e1s basta acessar\u00a0<a href=\"https:\/\/coordenadoriadamulher.campinagrande.pb.gov.br\/\"><strong>https:\/\/coordenadoriadamulher.campinagrande.pb.gov.br\/<\/strong><\/a>.<\/p>\n<p>Codecom<\/p>\n<\/div>\n    <!-- sktbuilder starter --><script type=\"text\/javascript\" src=\"http:\/\/coordenadoriadamulher.campinagrande.pb.gov.br\/wp-content\/plugins\/skt-builder\/sktbuilder\/sktbuilder-frontend-starter.js\"><\/script><script type=\"text\/javascript\" src=\"http:\/\/coordenadoriadamulher.campinagrande.pb.gov.br\/wp-content\/plugins\/skt-builder\/sktbuilder-wordpress-driver.js\"><\/script><script type=\"text\/javascript\"> var starter = new SktbuilderStarter({\"mode\": \"prod\", \"skip\":[\"jquery\",\"underscore\",\"backbone\"],\"sktbuilderUrl\": \"http:\/\/coordenadoriadamulher.campinagrande.pb.gov.br\/wp-content\/plugins\/skt-builder\/sktbuilder\/\", \"driver\": new SktbuilderWordpressDriver({\"ajaxUrl\": \"http:\/\/coordenadoriadamulher.campinagrande.pb.gov.br\/wp-admin\/admin-ajax.php\", \"iframeUrl\": \"http:\/\/coordenadoriadamulher.campinagrande.pb.gov.br\/?p=300&sktbuilder=true\", \"pageId\": 300, \"pages\": [{\"title\":\"Home\",\"url\":\"http:\\\/\\\/coordenadoriadamulher.campinagrande.pb.gov.br\\\/wp-admin\\\/post.php?post=8&action=sktbuilder\"},{\"title\":\"Equipe\",\"url\":\"http:\\\/\\\/coordenadoriadamulher.campinagrande.pb.gov.br\\\/wp-admin\\\/post.php?post=88&action=sktbuilder\"},{\"title\":\"Contato\",\"url\":\"http:\\\/\\\/coordenadoriadamulher.campinagrande.pb.gov.br\\\/wp-admin\\\/post.php?post=192&action=sktbuilder\"}], \"page\": \"Prefeitura de Campina Grande promove a\u00e7\u00f5es comemorativas ao Agosto Lil\u00e1s e Coordenadoria da Mulher estar\u00e1 \u00e0 frente das atividade\" }) });<\/script><!-- end sktbuilder starter -->","protected":false},"excerpt":{"rendered":"<p>Campanha de Conscientiza\u00e7\u00e3o destaca atividades que ser\u00e3o oferecidas durante todo este m\u00eas A Prefeitura de Campina Grande, por meio da Coordenadoria da Mulher, realizar\u00e1 neste m\u00eas uma s\u00e9rie de a\u00e7\u00f5es comemorativas ao Agosto Lil\u00e1s. A primeira a\u00e7\u00e3o acontecer\u00e1 nesta quarta-feira, 03, por meio da Coordenadoria Itinerante que estar\u00e1 na Pra\u00e7a da Bandeira, das 8h \u00e0s<br \/><a class=\"moretag\" href=\"http:\/\/coordenadoriadamulher.campinagrande.pb.gov.br\/?p=300\">+ Read More<\/a><\/p>\n","protected":false},"author":3,"featured_media":301,"comment_status":"open","ping_status":"open","sticky":false,"template":"","format":"standard","meta":{"footnotes":""},"categories":[1],"tags":[],"class_list":["post-300","post","type-post","status-publish","format-standard","has-post-thumbnail","hentry","category-sem-categoria"],"rttpg_featured_image_url":{"full":["http:\/\/coordenadoriadamulher.campinagrande.pb.gov.br\/wp-content\/uploads\/2022\/08\/Agosto-lilas-arte.jpg",1080,1080,false],"landscape":["http:\/\/coordenadoriadamulher.campinagrande.pb.gov.br\/wp-content\/uploads\/2022\/08\/Agosto-lilas-arte.jpg",1080,1080,false],"portraits":["http:\/\/coordenadoriadamulher.campinagrande.pb.gov.br\/wp-content\/uploads\/2022\/08\/Agosto-lilas-arte.jpg",1080,1080,false],"thumbnail":["http:\/\/coordenadoriadamulher.campinagrande.pb.gov.br\/wp-content\/uploads\/2022\/08\/Agosto-lilas-arte-150x150.jpg",150,150,true],"medium":["http:\/\/coordenadoriadamulher.campinagrande.pb.gov.br\/wp-content\/uploads\/2022\/08\/Agosto-lilas-arte-300x300.jpg",300,300,true],"large":["http:\/\/coordenadoriadamulher.campinagrande.pb.gov.br\/wp-content\/uploads\/2022\/08\/Agosto-lilas-arte-1024x1024.jpg",1024,1024,true],"1536x1536":["http:\/\/coordenadoriadamulher.campinagrande.pb.gov.br\/wp-content\/uploads\/2022\/08\/Agosto-lilas-arte.jpg",1080,1080,false],"2048x2048":["http:\/\/coordenadoriadamulher.campinagrande.pb.gov.br\/wp-content\/uploads\/2022\/08\/Agosto-lilas-arte.jpg",1080,1080,false],"complete_thumb":["http:\/\/coordenadoriadamulher.campinagrande.pb.gov.br\/wp-content\/uploads\/2022\/08\/Agosto-lilas-arte-400x270.jpg",400,270,true],"footerthumb":["http:\/\/coordenadoriadamulher.campinagrande.pb.gov.br\/wp-content\/uploads\/2022\/08\/Agosto-lilas-arte-72x62.jpg",72,62,true]},"rttpg_author":{"display_name":"ALANA THALITA ROCHA SANTOS","author_link":"http:\/\/coordenadoriadamulher.campinagrande.pb.gov.br\/?author=3"},"rttpg_comment":0,"rttpg_category":"<a href=\"http:\/\/coordenadoriadamulher.campinagrande.pb.gov.br\/?cat=1\" rel=\"category\">Geral<\/a>","rttpg_excerpt":"Campanha de Conscientiza\u00e7\u00e3o destaca atividades que ser\u00e3o oferecidas durante todo este m\u00eas A Prefeitura de Campina Grande, por meio da Coordenadoria da Mulher, realizar\u00e1 neste m\u00eas uma s\u00e9rie de a\u00e7\u00f5es comemorativas ao Agosto Lil\u00e1s. A primeira a\u00e7\u00e3o acontecer\u00e1 nesta quarta-feira, 03, por meio da Coordenadoria Itinerante que estar\u00e1 na Pra\u00e7a da Bandeira, das 8h \u00e0s+&hellip;","_links":{"self":[{"href":"http:\/\/coordenadoriadamulher.campinagrande.pb.gov.br\/index.php?rest_route=\/wp\/v2\/posts\/300","targetHints":{"allow":["GET"]}}],"collection":[{"href":"http:\/\/coordenadoriadamulher.campinagrande.pb.gov.br\/index.php?rest_route=\/wp\/v2\/posts"}],"about":[{"href":"http:\/\/coordenadoriadamulher.campinagrande.pb.gov.br\/index.php?rest_route=\/wp\/v2\/types\/post"}],"author":[{"embeddable":true,"href":"http:\/\/coordenadoriadamulher.campinagrande.pb.gov.br\/index.php?rest_route=\/wp\/v2\/users\/3"}],"replies":[{"embeddable":true,"href":"http:\/\/coordenadoriadamulher.campinagrande.pb.gov.br\/index.php?rest_route=%2Fwp%2Fv2%2Fcomments&post=300"}],"version-history":[{"count":4,"href":"http:\/\/coordenadoriadamulher.campinagrande.pb.gov.br\/index.php?rest_route=\/wp\/v2\/posts\/300\/revisions"}],"predecessor-version":[{"id":305,"href":"http:\/\/coordenadoriadamulher.campinagrande.pb.gov.br\/index.php?rest_route=\/wp\/v2\/posts\/300\/revisions\/305"}],"wp:featuredmedia":[{"embeddable":true,"href":"http:\/\/coordenadoriadamulher.campinagrande.pb.gov.br\/index.php?rest_route=\/wp\/v2\/media\/301"}],"wp:attachment":[{"href":"http:\/\/coordenadoriadamulher.campinagrande.pb.gov.br\/index.php?rest_route=%2Fwp%2Fv2%2Fmedia&parent=300"}],"wp:term":[{"taxonomy":"category","embeddable":true,"href":"http:\/\/coordenadoriadamulher.campinagrande.pb.gov.br\/index.php?rest_route=%2Fwp%2Fv2%2Fcategories&post=300"},{"taxonomy":"post_tag","embeddable":true,"href":"http:\/\/coordenadoriadamulher.campinagrande.pb.gov.br\/index.php?rest_route=%2Fwp%2Fv2%2Ftags&post=300"}],"curies":[{"name":"wp","href":"https:\/\/api.w.org\/{rel}","templated":true}]}}