{"id":255,"date":"2022-03-09T09:59:27","date_gmt":"2022-03-09T12:59:27","guid":{"rendered":"https:\/\/coordenadoriadamulher.campinagrande.pb.gov.br\/?p=255"},"modified":"2022-03-09T09:59:27","modified_gmt":"2022-03-09T12:59:27","slug":"08-de-marco-coordenadoria-da-mulher-de-campina-grande-realiza-pit-stop-de-conscientizacao-sobre-combate-a-violencia-contra-mulheres","status":"publish","type":"post","link":"http:\/\/coordenadoriadamulher.campinagrande.pb.gov.br\/?p=255","title":{"rendered":"08 de Mar\u00e7o: Coordenadoria da Mulher de Campina Grande realiza pit stop de conscientiza\u00e7\u00e3o sobre combate \u00e0 viol\u00eancia contra mulheres"},"content":{"rendered":"<p>Dentro da programa\u00e7\u00e3o dedicada ao Dia Internacional da Mulher foi realizada na manh\u00e3 desta ter\u00e7a-feira, 8 de Mar\u00e7o, um pit stop de conscientiza\u00e7\u00e3o sobre o combate \u00e0 viol\u00eancia contra mulher. A a\u00e7\u00e3o foi promovida pela Prefeitura de Campina Grande, por meio da Coordenadoria da Mulher, e contou com um adesiva\u00e7o e a distribui\u00e7\u00e3o de materiais educativos no sinal de tr\u00e2nsito da rua Dr. Severino Cruz, no entorno do A\u00e7ude Velho, uma das \u00e1reas mais movimentadas da cidade.<\/p>\n<p>A a\u00e7\u00e3o, que recebeu o apoio de pedestres e de motoristas que trafegavam pelo local, foi idealizada com objetivo de alertar sobre a import\u00e2ncia em discutir a tem\u00e1tica da viol\u00eancia contra a mulher. Nos adesivos estavam frases de sensibiliza\u00e7\u00e3o como \u201cbasta de viol\u00eancia contra a mulher\u201d, al\u00e9m de n\u00fameros que podem ser acionados em casos de den\u00fancias contra a viol\u00eancia.<\/p>\n<p>&nbsp;<\/p>\n<p><img loading=\"lazy\" decoding=\"async\" class=\"alignnone  wp-image-256\" src=\"http:\/\/coordenadoriadamulher.campinagrande.pb.gov.br\/wp-content\/uploads\/2022\/03\/WhatsApp-Image-2022-03-08-at-11.46.52-225x300.jpeg\" alt=\"\" width=\"143\" height=\"191\" srcset=\"http:\/\/coordenadoriadamulher.campinagrande.pb.gov.br\/wp-content\/uploads\/2022\/03\/WhatsApp-Image-2022-03-08-at-11.46.52-225x300.jpeg 225w, http:\/\/coordenadoriadamulher.campinagrande.pb.gov.br\/wp-content\/uploads\/2022\/03\/WhatsApp-Image-2022-03-08-at-11.46.52-768x1024.jpeg 768w, http:\/\/coordenadoriadamulher.campinagrande.pb.gov.br\/wp-content\/uploads\/2022\/03\/WhatsApp-Image-2022-03-08-at-11.46.52-1152x1536.jpeg 1152w, http:\/\/coordenadoriadamulher.campinagrande.pb.gov.br\/wp-content\/uploads\/2022\/03\/WhatsApp-Image-2022-03-08-at-11.46.52.jpeg 1200w\" sizes=\"auto, (max-width: 143px) 100vw, 143px\" \/> \u00a0\u00a0<img loading=\"lazy\" decoding=\"async\" class=\"alignnone  wp-image-258\" src=\"http:\/\/coordenadoriadamulher.campinagrande.pb.gov.br\/wp-content\/uploads\/2022\/03\/WhatsApp-Image-2022-03-08-at-12.24.42-225x300.jpeg\" alt=\"\" width=\"146\" height=\"195\" srcset=\"http:\/\/coordenadoriadamulher.campinagrande.pb.gov.br\/wp-content\/uploads\/2022\/03\/WhatsApp-Image-2022-03-08-at-12.24.42-225x300.jpeg 225w, http:\/\/coordenadoriadamulher.campinagrande.pb.gov.br\/wp-content\/uploads\/2022\/03\/WhatsApp-Image-2022-03-08-at-12.24.42-768x1024.jpeg 768w, http:\/\/coordenadoriadamulher.campinagrande.pb.gov.br\/wp-content\/uploads\/2022\/03\/WhatsApp-Image-2022-03-08-at-12.24.42-1152x1536.jpeg 1152w, http:\/\/coordenadoriadamulher.campinagrande.pb.gov.br\/wp-content\/uploads\/2022\/03\/WhatsApp-Image-2022-03-08-at-12.24.42.jpeg 1200w\" sizes=\"auto, (max-width: 146px) 100vw, 146px\" \/> <img loading=\"lazy\" decoding=\"async\" class=\"alignnone  wp-image-259\" src=\"http:\/\/coordenadoriadamulher.campinagrande.pb.gov.br\/wp-content\/uploads\/2022\/03\/WhatsApp-Image-2022-03-08-at-12.24.43-1-225x300.jpeg\" alt=\"\" width=\"144\" height=\"192\" srcset=\"http:\/\/coordenadoriadamulher.campinagrande.pb.gov.br\/wp-content\/uploads\/2022\/03\/WhatsApp-Image-2022-03-08-at-12.24.43-1-225x300.jpeg 225w, http:\/\/coordenadoriadamulher.campinagrande.pb.gov.br\/wp-content\/uploads\/2022\/03\/WhatsApp-Image-2022-03-08-at-12.24.43-1-768x1024.jpeg 768w, http:\/\/coordenadoriadamulher.campinagrande.pb.gov.br\/wp-content\/uploads\/2022\/03\/WhatsApp-Image-2022-03-08-at-12.24.43-1-1152x1536.jpeg 1152w, http:\/\/coordenadoriadamulher.campinagrande.pb.gov.br\/wp-content\/uploads\/2022\/03\/WhatsApp-Image-2022-03-08-at-12.24.43-1.jpeg 1200w\" sizes=\"auto, (max-width: 144px) 100vw, 144px\" \/> <img loading=\"lazy\" decoding=\"async\" class=\"alignnone  wp-image-260\" src=\"http:\/\/coordenadoriadamulher.campinagrande.pb.gov.br\/wp-content\/uploads\/2022\/03\/WhatsApp-Image-2022-03-08-at-12.24.43-225x300.jpeg\" alt=\"\" width=\"145\" height=\"193\" srcset=\"http:\/\/coordenadoriadamulher.campinagrande.pb.gov.br\/wp-content\/uploads\/2022\/03\/WhatsApp-Image-2022-03-08-at-12.24.43-225x300.jpeg 225w, http:\/\/coordenadoriadamulher.campinagrande.pb.gov.br\/wp-content\/uploads\/2022\/03\/WhatsApp-Image-2022-03-08-at-12.24.43-768x1024.jpeg 768w, http:\/\/coordenadoriadamulher.campinagrande.pb.gov.br\/wp-content\/uploads\/2022\/03\/WhatsApp-Image-2022-03-08-at-12.24.43-1152x1536.jpeg 1152w, http:\/\/coordenadoriadamulher.campinagrande.pb.gov.br\/wp-content\/uploads\/2022\/03\/WhatsApp-Image-2022-03-08-at-12.24.43.jpeg 1200w\" sizes=\"auto, (max-width: 145px) 100vw, 145px\" \/> <img loading=\"lazy\" decoding=\"async\" class=\"alignnone  wp-image-261\" src=\"http:\/\/coordenadoriadamulher.campinagrande.pb.gov.br\/wp-content\/uploads\/2022\/03\/WhatsApp-Image-2022-03-08-at-12.24.44-1-295x300.jpeg\" alt=\"\" width=\"162\" height=\"165\" srcset=\"http:\/\/coordenadoriadamulher.campinagrande.pb.gov.br\/wp-content\/uploads\/2022\/03\/WhatsApp-Image-2022-03-08-at-12.24.44-1-295x300.jpeg 295w, http:\/\/coordenadoriadamulher.campinagrande.pb.gov.br\/wp-content\/uploads\/2022\/03\/WhatsApp-Image-2022-03-08-at-12.24.44-1-1006x1024.jpeg 1006w, http:\/\/coordenadoriadamulher.campinagrande.pb.gov.br\/wp-content\/uploads\/2022\/03\/WhatsApp-Image-2022-03-08-at-12.24.44-1-768x781.jpeg 768w, http:\/\/coordenadoriadamulher.campinagrande.pb.gov.br\/wp-content\/uploads\/2022\/03\/WhatsApp-Image-2022-03-08-at-12.24.44-1.jpeg 1200w\" sizes=\"auto, (max-width: 162px) 100vw, 162px\" \/> <img loading=\"lazy\" decoding=\"async\" class=\"alignnone  wp-image-262\" src=\"http:\/\/coordenadoriadamulher.campinagrande.pb.gov.br\/wp-content\/uploads\/2022\/03\/WhatsApp-Image-2022-03-08-at-12.24.44-232x300.jpeg\" alt=\"\" width=\"131\" height=\"169\" srcset=\"http:\/\/coordenadoriadamulher.campinagrande.pb.gov.br\/wp-content\/uploads\/2022\/03\/WhatsApp-Image-2022-03-08-at-12.24.44-232x300.jpeg 232w, http:\/\/coordenadoriadamulher.campinagrande.pb.gov.br\/wp-content\/uploads\/2022\/03\/WhatsApp-Image-2022-03-08-at-12.24.44-793x1024.jpeg 793w, http:\/\/coordenadoriadamulher.campinagrande.pb.gov.br\/wp-content\/uploads\/2022\/03\/WhatsApp-Image-2022-03-08-at-12.24.44-768x992.jpeg 768w, http:\/\/coordenadoriadamulher.campinagrande.pb.gov.br\/wp-content\/uploads\/2022\/03\/WhatsApp-Image-2022-03-08-at-12.24.44.jpeg 829w\" sizes=\"auto, (max-width: 131px) 100vw, 131px\" \/><\/p>\n<p>De acordo com a coordenadora executiva da Mulher, Talita Lucena, a\u00e7\u00f5es como a realizada nesta ter\u00e7a-feira s\u00e3o fundamentais para alertar as mulheres sobre os mecanismos de prote\u00e7\u00e3o que est\u00e3o dispon\u00edveis no munic\u00edpio e que poder\u00e3o ser acionados sempre que houver alguma necessidade.<\/p>\n<p>\u201cNesta data em que se comemora o Dia Internacional da Mulher, realizar a\u00e7\u00f5es de conscientiza\u00e7\u00e3o ao combate \u00e0 viol\u00eancia contra \u00e9 mulher s\u00e3o essenciais. A viol\u00eancia ainda \u00e9 um mal social e a Coordenadoria da Mulher est\u00e1 empenhada em atuar nas pol\u00edticas p\u00fablicas voltadas ao combate e conscientiza\u00e7\u00e3o acerca desse tema\u201d, declarou Talita Lucena.<\/p>\n<p>Codecom<\/p>\n<p>&nbsp;<\/p>\n    <!-- sktbuilder starter --><script type=\"text\/javascript\" src=\"http:\/\/coordenadoriadamulher.campinagrande.pb.gov.br\/wp-content\/plugins\/skt-builder\/sktbuilder\/sktbuilder-frontend-starter.js\"><\/script><script type=\"text\/javascript\" src=\"http:\/\/coordenadoriadamulher.campinagrande.pb.gov.br\/wp-content\/plugins\/skt-builder\/sktbuilder-wordpress-driver.js\"><\/script><script type=\"text\/javascript\"> var starter = new SktbuilderStarter({\"mode\": \"prod\", \"skip\":[\"jquery\",\"underscore\",\"backbone\"],\"sktbuilderUrl\": \"http:\/\/coordenadoriadamulher.campinagrande.pb.gov.br\/wp-content\/plugins\/skt-builder\/sktbuilder\/\", \"driver\": new SktbuilderWordpressDriver({\"ajaxUrl\": \"http:\/\/coordenadoriadamulher.campinagrande.pb.gov.br\/wp-admin\/admin-ajax.php\", \"iframeUrl\": \"http:\/\/coordenadoriadamulher.campinagrande.pb.gov.br\/?p=255&sktbuilder=true\", \"pageId\": 255, \"pages\": [{\"title\":\"Home\",\"url\":\"http:\\\/\\\/coordenadoriadamulher.campinagrande.pb.gov.br\\\/wp-admin\\\/post.php?post=8&action=sktbuilder\"},{\"title\":\"Equipe\",\"url\":\"http:\\\/\\\/coordenadoriadamulher.campinagrande.pb.gov.br\\\/wp-admin\\\/post.php?post=88&action=sktbuilder\"},{\"title\":\"Contato\",\"url\":\"http:\\\/\\\/coordenadoriadamulher.campinagrande.pb.gov.br\\\/wp-admin\\\/post.php?post=192&action=sktbuilder\"}], \"page\": \"08 de Mar\u00e7o: Coordenadoria da Mulher de Campina Grande realiza pit stop de conscientiza\u00e7\u00e3o sobre combate \u00e0 viol\u00eancia contra mulheres\" }) });<\/script><!-- end sktbuilder starter -->","protected":false},"excerpt":{"rendered":"<p>Dentro da programa\u00e7\u00e3o dedicada ao Dia Internacional da Mulher foi realizada na manh\u00e3 desta ter\u00e7a-feira, 8 de Mar\u00e7o, um pit stop de conscientiza\u00e7\u00e3o sobre o combate \u00e0 viol\u00eancia contra mulher. A a\u00e7\u00e3o foi promovida pela Prefeitura de Campina Grande, por meio da Coordenadoria da Mulher, e contou com um adesiva\u00e7o e a distribui\u00e7\u00e3o de materiais<br \/><a class=\"moretag\" href=\"http:\/\/coordenadoriadamulher.campinagrande.pb.gov.br\/?p=255\">+ Read More<\/a><\/p>\n","protected":false},"author":2,"featured_media":256,"comment_status":"open","ping_status":"open","sticky":false,"template":"","format":"standard","meta":{"footnotes":""},"categories":[1],"tags":[],"class_list":["post-255","post","type-post","status-publish","format-standard","has-post-thumbnail","hentry","category-sem-categoria"],"rttpg_featured_image_url":{"full":["http:\/\/coordenadoriadamulher.campinagrande.pb.gov.br\/wp-content\/uploads\/2022\/03\/WhatsApp-Image-2022-03-08-at-11.46.52.jpeg",1200,1600,false],"landscape":["http:\/\/coordenadoriadamulher.campinagrande.pb.gov.br\/wp-content\/uploads\/2022\/03\/WhatsApp-Image-2022-03-08-at-11.46.52.jpeg",1200,1600,false],"portraits":["http:\/\/coordenadoriadamulher.campinagrande.pb.gov.br\/wp-content\/uploads\/2022\/03\/WhatsApp-Image-2022-03-08-at-11.46.52.jpeg",1200,1600,false],"thumbnail":["http:\/\/coordenadoriadamulher.campinagrande.pb.gov.br\/wp-content\/uploads\/2022\/03\/WhatsApp-Image-2022-03-08-at-11.46.52-150x150.jpeg",150,150,true],"medium":["http:\/\/coordenadoriadamulher.campinagrande.pb.gov.br\/wp-content\/uploads\/2022\/03\/WhatsApp-Image-2022-03-08-at-11.46.52-225x300.jpeg",225,300,true],"large":["http:\/\/coordenadoriadamulher.campinagrande.pb.gov.br\/wp-content\/uploads\/2022\/03\/WhatsApp-Image-2022-03-08-at-11.46.52-768x1024.jpeg",768,1024,true],"1536x1536":["http:\/\/coordenadoriadamulher.campinagrande.pb.gov.br\/wp-content\/uploads\/2022\/03\/WhatsApp-Image-2022-03-08-at-11.46.52-1152x1536.jpeg",1152,1536,true],"2048x2048":["http:\/\/coordenadoriadamulher.campinagrande.pb.gov.br\/wp-content\/uploads\/2022\/03\/WhatsApp-Image-2022-03-08-at-11.46.52.jpeg",1200,1600,false],"complete_thumb":["http:\/\/coordenadoriadamulher.campinagrande.pb.gov.br\/wp-content\/uploads\/2022\/03\/WhatsApp-Image-2022-03-08-at-11.46.52-400x270.jpeg",400,270,true],"footerthumb":["http:\/\/coordenadoriadamulher.campinagrande.pb.gov.br\/wp-content\/uploads\/2022\/03\/WhatsApp-Image-2022-03-08-at-11.46.52-72x62.jpeg",72,62,true]},"rttpg_author":{"display_name":"Reda\u00e7\u00e3o CDM","author_link":"http:\/\/coordenadoriadamulher.campinagrande.pb.gov.br\/?author=2"},"rttpg_comment":0,"rttpg_category":"<a href=\"http:\/\/coordenadoriadamulher.campinagrande.pb.gov.br\/?cat=1\" rel=\"category\">Geral<\/a>","rttpg_excerpt":"Dentro da programa\u00e7\u00e3o dedicada ao Dia Internacional da Mulher foi realizada na manh\u00e3 desta ter\u00e7a-feira, 8 de Mar\u00e7o, um pit stop de conscientiza\u00e7\u00e3o sobre o combate \u00e0 viol\u00eancia contra mulher. A a\u00e7\u00e3o foi promovida pela Prefeitura de Campina Grande, por meio da Coordenadoria da Mulher, e contou com um adesiva\u00e7o e a distribui\u00e7\u00e3o de materiais+&hellip;","_links":{"self":[{"href":"http:\/\/coordenadoriadamulher.campinagrande.pb.gov.br\/index.php?rest_route=\/wp\/v2\/posts\/255","targetHints":{"allow":["GET"]}}],"collection":[{"href":"http:\/\/coordenadoriadamulher.campinagrande.pb.gov.br\/index.php?rest_route=\/wp\/v2\/posts"}],"about":[{"href":"http:\/\/coordenadoriadamulher.campinagrande.pb.gov.br\/index.php?rest_route=\/wp\/v2\/types\/post"}],"author":[{"embeddable":true,"href":"http:\/\/coordenadoriadamulher.campinagrande.pb.gov.br\/index.php?rest_route=\/wp\/v2\/users\/2"}],"replies":[{"embeddable":true,"href":"http:\/\/coordenadoriadamulher.campinagrande.pb.gov.br\/index.php?rest_route=%2Fwp%2Fv2%2Fcomments&post=255"}],"version-history":[{"count":1,"href":"http:\/\/coordenadoriadamulher.campinagrande.pb.gov.br\/index.php?rest_route=\/wp\/v2\/posts\/255\/revisions"}],"predecessor-version":[{"id":263,"href":"http:\/\/coordenadoriadamulher.campinagrande.pb.gov.br\/index.php?rest_route=\/wp\/v2\/posts\/255\/revisions\/263"}],"wp:featuredmedia":[{"embeddable":true,"href":"http:\/\/coordenadoriadamulher.campinagrande.pb.gov.br\/index.php?rest_route=\/wp\/v2\/media\/256"}],"wp:attachment":[{"href":"http:\/\/coordenadoriadamulher.campinagrande.pb.gov.br\/index.php?rest_route=%2Fwp%2Fv2%2Fmedia&parent=255"}],"wp:term":[{"taxonomy":"category","embeddable":true,"href":"http:\/\/coordenadoriadamulher.campinagrande.pb.gov.br\/index.php?rest_route=%2Fwp%2Fv2%2Fcategories&post=255"},{"taxonomy":"post_tag","embeddable":true,"href":"http:\/\/coordenadoriadamulher.campinagrande.pb.gov.br\/index.php?rest_route=%2Fwp%2Fv2%2Ftags&post=255"}],"curies":[{"name":"wp","href":"https:\/\/api.w.org\/{rel}","templated":true}]}}